{"id":230,"date":"2016-11-15T12:40:21","date_gmt":"2016-11-15T11:40:21","guid":{"rendered":"https:\/\/www.coyotesystems.be\/nl\/blog\/?p=230"},"modified":"2016-11-15T12:40:21","modified_gmt":"2016-11-15T11:40:21","slug":"het-1ste-salon-van-lart-de-vivre-franco-belge-of-het-salon-van-de-frans-belgische-levensstijl-in-tour-taxis-op-25-26-27-november-2016","status":"publish","type":"post","link":"https:\/\/www.coyotesystems.be\/nl\/blog\/de-coyote-community\/het-1ste-salon-van-lart-de-vivre-franco-belge-of-het-salon-van-de-frans-belgische-levensstijl-in-tour-taxis-op-25-26-27-november-2016\/","title":{"rendered":"Het 1ste Salon van \u00ab l\u2019Art de vivre Franco-Belge \u00bb of het salon van de Frans-Belgische levensstijl in Tour &amp; Taxis op 25, 26, 27 november 2016"},"content":{"rendered":"<p><strong>Het magazine Juliette&amp;Victor zet van 25 tot 27 november in Tour &amp; Taxis de idee\u00ebn waar het blad<\/strong><br \/>\n<strong>voor staat om in de praktijk met een lifestylebeurs in een origineel concept. Het blad werd in 2007<\/strong><br \/>\n<strong>opgestart door de Franse uitgevers Alain en Elisabeth Lef\u00e8bvre (die ook al de magazines C\u00f4te Sud,<\/strong><br \/>\n<strong>Est, Ouest, Atmosph\u00e8re cre\u00eberden en de salons Vivre C\u00f4te Sud, Vivre C\u00f4te Ouest, \u2026).<\/strong><br \/>\n<strong>Juliette&amp;Victor heeft snel een belangrijke plaats gekregen onder de tijdschriften die zich toeleggen<\/strong><br \/>\n<strong>op de levenskunst in Belgi\u00eb met tips om zich hier te vestigen en de beste adressen voor een<\/strong><br \/>\n<strong>aangenaam leven.<\/strong><\/p>\n<p><strong>Goed leven in Belgi\u00eb<\/strong><br \/>\nDe lezers van Juliette&amp;Victor Magzine, JV, wonen in Belgi\u00eb en behoren vooral tot de welstellende<br \/>\nbevolking uit Frankrijk en Belgi\u00eb. Het blad is al negen jaar lang een ambassadeur, een koppelteken<br \/>\ntussen de lezers en de Belgische en Franse personaliteiten die hun kennis, prestige, luxe en elegantie<br \/>\ngraag delen. Het Salon van de Frans-Belgische Levenskunst is dan ook een logische stap voor JV om<br \/>\nzo die brede waaier aan talent, kennis en advies op de voorgrond te plaatsen. Dat krijgt nu vorm in<br \/>\nhet eerste \u2018Salon de l\u2019Art de Vivre franco-Belge\u2019 in Tour &amp; Taxix.<\/p>\n<p><strong>Honderd twintig exposanten verdeeld over zes sectoren<\/strong><br \/>\nHet programma tijdens de 25ste, 26ste en 27ste november is opgebouwd rond de volgende thema\u2019s:<br \/>\nhuisdecoratie, mode \u2013 schoonheid &#8211; goed gevoel, gastronomie, zich vestigen in Belgi\u00eb \u2013 het<br \/>\npraktische leven, creatie \u2013 talent, ontsnappen \u2013 vrije tijd. Dat alles wordt gepresenteerd door meer<br \/>\ndan honderd twintig exposanten over 5000 m\u00b2.<br \/>\nAlle diensten die het leven van buitenlanders in Belgi\u00eb gemakkelijker maken worden voorgesteld:<br \/>\nvastgoed, kringen en verenigingen, scholen, banken, cultuur, vervoer, \u2026 .<br \/>\nHet Salon JV verwelkomt eveneens een selectie van merken en adressen die borg staan voor de<br \/>\nFrans-Belgische levenskunst.<\/p>\n<p><strong>Isabelle de Borchgrave is eregast.<\/strong><br \/>\nDe algemene opbouw van het salon werd toevertrouwd aan de Franse decorontwerper Jean-Marc<br \/>\nDimanche maar het is de Belgische artieste Isabelle de Borchgrave die eregast zal zijn. Zij stelt<br \/>\nobjecten en meubels in papier en brons tentoon die ze gecre\u00eberd heeft. De bezoekers kunnen zo<br \/>\nkennis maken met het universum van deze grote Brusselse kunstenares met internationale<br \/>\nbekendheid.<\/p>\n<p><strong>Een paar cijfers en praktische informatie<\/strong><br \/>\nOp de eerste editie van het \u2018Salon de l\u2019Art de vivre franco-belge\u2019 worden 10.000 bezoekers verwacht.<br \/>\nHet salon richt zich tot het grote publiek, de liefhebbers van de Frans-Belgische levenskunst of de \u2018art<br \/>\nde vivre franco-belge\u2019: buitenlanders van alle nationaliteiten die in Brussel verblijven ; Belgen die<br \/>\nhouden van mooie en lekkere dingen.<\/p>\n<p><strong>Het vindt plaats in :<\/strong><\/p>\n<p>Tour &amp; Taxis<br \/>\nSheds 1 en 1bis &#8211; Havenlaan 86c- 1000 Brussel \u2013 T : 02 640 30 53<br \/>\nVrijdag 25 november van 12 tot 22 u.<br \/>\nZaterdag 26 november van 10 tot 19 u.<br \/>\nZondag 27 november van 10 tot 18 u.<br \/>\nDe toegang is betalend.<br \/>\nVooraf registreren aan voorkeurtarief: 7 \u20ac op www.salonjv.be<br \/>\nTer plaatse: 10 \u20ac<\/p>\n<p><strong>Verantwoordelijke:<\/strong><br \/>\nLaura Wiatr \u2013 laura.wiatr@jvmagazine.be \u2013 02 640 30 53<br \/>\nPerscontact : Backstage Communication<br \/>\nJohn Kinnart &#8211; john@backstagecom.be &#8211; 0476 24 27 43<\/p>\n","protected":false},"excerpt":{"rendered":"<p>Het magazine Juliette&amp;Victor zet van 25 tot 27 november in Tour &amp; Taxis de idee\u00ebn waar het blad voor staat [&hellip;]<\/p>\n","protected":false},"author":148,"featured_media":231,"comment_status":"closed","ping_status":"closed","sticky":false,"template":"","format":"standard","meta":{"_acf_changed":false,"footnotes":""},"categories":[10],"tags":[],"class_list":["post-230","post","type-post","status-publish","format-standard","has-post-thumbnail","hentry","category-de-coyote-community"],"acf":[],"yoast_head":"<!-- This site is optimized with the Yoast SEO plugin v25.9 - https:\/\/yoast.com\/wordpress\/plugins\/seo\/ -->\n<title>Het 1ste Salon van \u00ab l\u2019Art de vivre Franco-Belge \u00bb of het salon van de Frans-Belgische levensstijl in Tour &amp; Taxis op 25, 26, 27 november 2016 - De Blog Coyote<\/title>\n<meta name=\"robots\" content=\"index, follow, max-snippet:-1, max-image-preview:large, max-video-preview:-1\" \/>\n<link rel=\"canonical\" href=\"https:\/\/www.coyotesystems.be\/nl\/blog\/de-coyote-community\/het-1ste-salon-van-lart-de-vivre-franco-belge-of-het-salon-van-de-frans-belgische-levensstijl-in-tour-taxis-op-25-26-27-november-2016\/\" \/>\n<meta property=\"og:locale\" content=\"nl_NL\" \/>\n<meta property=\"og:type\" content=\"article\" \/>\n<meta property=\"og:title\" content=\"Het 1ste Salon van \u00ab l\u2019Art de vivre Franco-Belge \u00bb of het salon van de Frans-Belgische levensstijl in Tour &amp; Taxis op 25, 26, 27 november 2016 - De Blog Coyote\" \/>\n<meta property=\"og:description\" content=\"Het magazine Juliette&amp;Victor zet van 25 tot 27 november in Tour &amp; Taxis de idee\u00ebn waar het blad voor staat [&hellip;]\" \/>\n<meta property=\"og:url\" content=\"https:\/\/www.coyotesystems.be\/nl\/blog\/de-coyote-community\/het-1ste-salon-van-lart-de-vivre-franco-belge-of-het-salon-van-de-frans-belgische-levensstijl-in-tour-taxis-op-25-26-27-november-2016\/\" \/>\n<meta property=\"og:site_name\" content=\"De Blog Coyote\" \/>\n<meta property=\"article:publisher\" content=\"http:\/\/www.facebook.com\/CoyoteSystemsBenelux\" \/>\n<meta property=\"article:published_time\" content=\"2016-11-15T11:40:21+00:00\" \/>\n<meta property=\"og:image\" content=\"https:\/\/medias.coyotesystems.com\/wordpress\/sites\/4\/2016\/11\/Salon-JV_A4_Vierge_BD-004.jpg\" \/>\n\t<meta property=\"og:image:width\" content=\"600\" \/>\n\t<meta property=\"og:image:height\" content=\"854\" \/>\n\t<meta property=\"og:image:type\" content=\"image\/jpeg\" \/>\n<meta name=\"author\" content=\"Vanessa BLESIN\" \/>\n<meta name=\"twitter:card\" content=\"summary_large_image\" \/>\n<meta name=\"twitter:label1\" content=\"Written by\" \/>\n\t<meta name=\"twitter:data1\" content=\"Vanessa BLESIN\" \/>\n\t<meta name=\"twitter:label2\" content=\"Est. reading time\" \/>\n\t<meta name=\"twitter:data2\" content=\"2 minuten\" \/>\n<script type=\"application\/ld+json\" class=\"yoast-schema-graph\">{\"@context\":\"https:\/\/schema.org\",\"@graph\":[{\"@type\":\"Article\",\"@id\":\"https:\/\/www.coyotesystems.be\/nl\/blog\/de-coyote-community\/het-1ste-salon-van-lart-de-vivre-franco-belge-of-het-salon-van-de-frans-belgische-levensstijl-in-tour-taxis-op-25-26-27-november-2016\/#article\",\"isPartOf\":{\"@id\":\"https:\/\/www.coyotesystems.be\/nl\/blog\/de-coyote-community\/het-1ste-salon-van-lart-de-vivre-franco-belge-of-het-salon-van-de-frans-belgische-levensstijl-in-tour-taxis-op-25-26-27-november-2016\/\"},\"author\":{\"name\":\"Vanessa BLESIN\",\"@id\":\"https:\/\/www.coyotesystems.be\/nl\/blog\/#\/schema\/person\/e1f59869357e259a679ada775932041b\"},\"headline\":\"Het 1ste Salon van \u00ab l\u2019Art de vivre Franco-Belge \u00bb of het salon van de Frans-Belgische levensstijl in Tour &amp; Taxis op 25, 26, 27 november 2016\",\"datePublished\":\"2016-11-15T11:40:21+00:00\",\"mainEntityOfPage\":{\"@id\":\"https:\/\/www.coyotesystems.be\/nl\/blog\/de-coyote-community\/het-1ste-salon-van-lart-de-vivre-franco-belge-of-het-salon-van-de-frans-belgische-levensstijl-in-tour-taxis-op-25-26-27-november-2016\/\"},\"wordCount\":506,\"publisher\":{\"@id\":\"https:\/\/www.coyotesystems.be\/nl\/blog\/#organization\"},\"image\":{\"@id\":\"https:\/\/www.coyotesystems.be\/nl\/blog\/de-coyote-community\/het-1ste-salon-van-lart-de-vivre-franco-belge-of-het-salon-van-de-frans-belgische-levensstijl-in-tour-taxis-op-25-26-27-november-2016\/#primaryimage\"},\"thumbnailUrl\":\"https:\/\/medias.coyotesystems.com\/wordpress\/sites\/4\/2016\/11\/Salon-JV_A4_Vierge_BD-004.jpg\",\"articleSection\":[\"De Coyote Community\"],\"inLanguage\":\"nl-NL\"},{\"@type\":\"WebPage\",\"@id\":\"https:\/\/www.coyotesystems.be\/nl\/blog\/de-coyote-community\/het-1ste-salon-van-lart-de-vivre-franco-belge-of-het-salon-van-de-frans-belgische-levensstijl-in-tour-taxis-op-25-26-27-november-2016\/\",\"url\":\"https:\/\/www.coyotesystems.be\/nl\/blog\/de-coyote-community\/het-1ste-salon-van-lart-de-vivre-franco-belge-of-het-salon-van-de-frans-belgische-levensstijl-in-tour-taxis-op-25-26-27-november-2016\/\",\"name\":\"Het 1ste Salon van \u00ab l\u2019Art de vivre Franco-Belge \u00bb of het salon van de Frans-Belgische levensstijl in Tour &amp; Taxis op 25, 26, 27 november 2016 - De Blog Coyote\",\"isPartOf\":{\"@id\":\"https:\/\/www.coyotesystems.be\/nl\/blog\/#website\"},\"primaryImageOfPage\":{\"@id\":\"https:\/\/www.coyotesystems.be\/nl\/blog\/de-coyote-community\/het-1ste-salon-van-lart-de-vivre-franco-belge-of-het-salon-van-de-frans-belgische-levensstijl-in-tour-taxis-op-25-26-27-november-2016\/#primaryimage\"},\"image\":{\"@id\":\"https:\/\/www.coyotesystems.be\/nl\/blog\/de-coyote-community\/het-1ste-salon-van-lart-de-vivre-franco-belge-of-het-salon-van-de-frans-belgische-levensstijl-in-tour-taxis-op-25-26-27-november-2016\/#primaryimage\"},\"thumbnailUrl\":\"https:\/\/medias.coyotesystems.com\/wordpress\/sites\/4\/2016\/11\/Salon-JV_A4_Vierge_BD-004.jpg\",\"datePublished\":\"2016-11-15T11:40:21+00:00\",\"breadcrumb\":{\"@id\":\"https:\/\/www.coyotesystems.be\/nl\/blog\/de-coyote-community\/het-1ste-salon-van-lart-de-vivre-franco-belge-of-het-salon-van-de-frans-belgische-levensstijl-in-tour-taxis-op-25-26-27-november-2016\/#breadcrumb\"},\"inLanguage\":\"nl-NL\",\"potentialAction\":[{\"@type\":\"ReadAction\",\"target\":[\"https:\/\/www.coyotesystems.be\/nl\/blog\/de-coyote-community\/het-1ste-salon-van-lart-de-vivre-franco-belge-of-het-salon-van-de-frans-belgische-levensstijl-in-tour-taxis-op-25-26-27-november-2016\/\"]}]},{\"@type\":\"ImageObject\",\"inLanguage\":\"nl-NL\",\"@id\":\"https:\/\/www.coyotesystems.be\/nl\/blog\/de-coyote-community\/het-1ste-salon-van-lart-de-vivre-franco-belge-of-het-salon-van-de-frans-belgische-levensstijl-in-tour-taxis-op-25-26-27-november-2016\/#primaryimage\",\"url\":\"https:\/\/medias.coyotesystems.com\/wordpress\/sites\/4\/2016\/11\/Salon-JV_A4_Vierge_BD-004.jpg\",\"contentUrl\":\"https:\/\/medias.coyotesystems.com\/wordpress\/sites\/4\/2016\/11\/Salon-JV_A4_Vierge_BD-004.jpg\",\"width\":600,\"height\":854},{\"@type\":\"BreadcrumbList\",\"@id\":\"https:\/\/www.coyotesystems.be\/nl\/blog\/de-coyote-community\/het-1ste-salon-van-lart-de-vivre-franco-belge-of-het-salon-van-de-frans-belgische-levensstijl-in-tour-taxis-op-25-26-27-november-2016\/#breadcrumb\",\"itemListElement\":[{\"@type\":\"ListItem\",\"position\":1,\"name\":\"Home\",\"item\":\"https:\/\/www.coyotesystems.be\/nl\/blog\/\"},{\"@type\":\"ListItem\",\"position\":2,\"name\":\"Innovatie\",\"item\":\"https:\/\/www.coyotesystems.be\/nl\/blog\/innovatie\/\"},{\"@type\":\"ListItem\",\"position\":3,\"name\":\"Het 1ste Salon van \u00ab l\u2019Art de vivre Franco-Belge \u00bb of het salon van de Frans-Belgische levensstijl in Tour &amp; Taxis op 25, 26, 27 november 2016\"}]},{\"@type\":\"WebSite\",\"@id\":\"https:\/\/www.coyotesystems.be\/nl\/blog\/#website\",\"url\":\"https:\/\/www.coyotesystems.be\/nl\/blog\/\",\"name\":\"De Blog Coyote\",\"description\":\"\",\"publisher\":{\"@id\":\"https:\/\/www.coyotesystems.be\/nl\/blog\/#organization\"},\"potentialAction\":[{\"@type\":\"SearchAction\",\"target\":{\"@type\":\"EntryPoint\",\"urlTemplate\":\"https:\/\/www.coyotesystems.be\/nl\/blog\/?s={search_term_string}\"},\"query-input\":{\"@type\":\"PropertyValueSpecification\",\"valueRequired\":true,\"valueName\":\"search_term_string\"}}],\"inLanguage\":\"nl-NL\"},{\"@type\":\"Organization\",\"@id\":\"https:\/\/www.coyotesystems.be\/nl\/blog\/#organization\",\"name\":\"Coyote\",\"url\":\"https:\/\/www.coyotesystems.be\/nl\/blog\/\",\"logo\":{\"@type\":\"ImageObject\",\"inLanguage\":\"nl-NL\",\"@id\":\"https:\/\/www.coyotesystems.be\/nl\/blog\/#\/schema\/logo\/image\/\",\"url\":\"https:\/\/medias.coyotesystems.com\/wordpress\/sites\/4\/2024\/02\/Logo-Coyote-1.png\",\"contentUrl\":\"https:\/\/medias.coyotesystems.com\/wordpress\/sites\/4\/2024\/02\/Logo-Coyote-1.png\",\"width\":842,\"height\":263,\"caption\":\"Coyote\"},\"image\":{\"@id\":\"https:\/\/www.coyotesystems.be\/nl\/blog\/#\/schema\/logo\/image\/\"},\"sameAs\":[\"http:\/\/www.facebook.com\/CoyoteSystemsBenelux\",\"https:\/\/www.instagram.com\/coyote_systems_benelux\/\",\"https:\/\/www.linkedin.com\/company\/coyotesystem\/\"]},{\"@type\":\"Person\",\"@id\":\"https:\/\/www.coyotesystems.be\/nl\/blog\/#\/schema\/person\/e1f59869357e259a679ada775932041b\",\"name\":\"Vanessa BLESIN\",\"image\":{\"@type\":\"ImageObject\",\"inLanguage\":\"nl-NL\",\"@id\":\"https:\/\/www.coyotesystems.be\/nl\/blog\/#\/schema\/person\/image\/\",\"url\":\"https:\/\/secure.gravatar.com\/avatar\/437144de33d3089886aa7253a4950d4a94042152f665f53addf4ef5e935c3f27?s=96&d=mm&r=g\",\"contentUrl\":\"https:\/\/secure.gravatar.com\/avatar\/437144de33d3089886aa7253a4950d4a94042152f665f53addf4ef5e935c3f27?s=96&d=mm&r=g\",\"caption\":\"Vanessa BLESIN\"}}]}<\/script>\n<!-- \/ Yoast SEO plugin. -->","yoast_head_json":{"title":"Het 1ste Salon van \u00ab l\u2019Art de vivre Franco-Belge \u00bb of het salon van de Frans-Belgische levensstijl in Tour &amp; Taxis op 25, 26, 27 november 2016 - De Blog Coyote","robots":{"index":"index","follow":"follow","max-snippet":"max-snippet:-1","max-image-preview":"max-image-preview:large","max-video-preview":"max-video-preview:-1"},"canonical":"https:\/\/www.coyotesystems.be\/nl\/blog\/de-coyote-community\/het-1ste-salon-van-lart-de-vivre-franco-belge-of-het-salon-van-de-frans-belgische-levensstijl-in-tour-taxis-op-25-26-27-november-2016\/","og_locale":"nl_NL","og_type":"article","og_title":"Het 1ste Salon van \u00ab l\u2019Art de vivre Franco-Belge \u00bb of het salon van de Frans-Belgische levensstijl in Tour &amp; Taxis op 25, 26, 27 november 2016 - De Blog Coyote","og_description":"Het magazine Juliette&amp;Victor zet van 25 tot 27 november in Tour &amp; Taxis de idee\u00ebn waar het blad voor staat [&hellip;]","og_url":"https:\/\/www.coyotesystems.be\/nl\/blog\/de-coyote-community\/het-1ste-salon-van-lart-de-vivre-franco-belge-of-het-salon-van-de-frans-belgische-levensstijl-in-tour-taxis-op-25-26-27-november-2016\/","og_site_name":"De Blog Coyote","article_publisher":"http:\/\/www.facebook.com\/CoyoteSystemsBenelux","article_published_time":"2016-11-15T11:40:21+00:00","og_image":[{"width":600,"height":854,"url":"https:\/\/medias.coyotesystems.com\/wordpress\/sites\/4\/2016\/11\/Salon-JV_A4_Vierge_BD-004.jpg","type":"image\/jpeg"}],"author":"Vanessa BLESIN","twitter_card":"summary_large_image","twitter_misc":{"Written by":"Vanessa BLESIN","Est. reading time":"2 minuten"},"schema":{"@context":"https:\/\/schema.org","@graph":[{"@type":"Article","@id":"https:\/\/www.coyotesystems.be\/nl\/blog\/de-coyote-community\/het-1ste-salon-van-lart-de-vivre-franco-belge-of-het-salon-van-de-frans-belgische-levensstijl-in-tour-taxis-op-25-26-27-november-2016\/#article","isPartOf":{"@id":"https:\/\/www.coyotesystems.be\/nl\/blog\/de-coyote-community\/het-1ste-salon-van-lart-de-vivre-franco-belge-of-het-salon-van-de-frans-belgische-levensstijl-in-tour-taxis-op-25-26-27-november-2016\/"},"author":{"name":"Vanessa BLESIN","@id":"https:\/\/www.coyotesystems.be\/nl\/blog\/#\/schema\/person\/e1f59869357e259a679ada775932041b"},"headline":"Het 1ste Salon van \u00ab l\u2019Art de vivre Franco-Belge \u00bb of het salon van de Frans-Belgische levensstijl in Tour &amp; Taxis op 25, 26, 27 november 2016","datePublished":"2016-11-15T11:40:21+00:00","mainEntityOfPage":{"@id":"https:\/\/www.coyotesystems.be\/nl\/blog\/de-coyote-community\/het-1ste-salon-van-lart-de-vivre-franco-belge-of-het-salon-van-de-frans-belgische-levensstijl-in-tour-taxis-op-25-26-27-november-2016\/"},"wordCount":506,"publisher":{"@id":"https:\/\/www.coyotesystems.be\/nl\/blog\/#organization"},"image":{"@id":"https:\/\/www.coyotesystems.be\/nl\/blog\/de-coyote-community\/het-1ste-salon-van-lart-de-vivre-franco-belge-of-het-salon-van-de-frans-belgische-levensstijl-in-tour-taxis-op-25-26-27-november-2016\/#primaryimage"},"thumbnailUrl":"https:\/\/medias.coyotesystems.com\/wordpress\/sites\/4\/2016\/11\/Salon-JV_A4_Vierge_BD-004.jpg","articleSection":["De Coyote Community"],"inLanguage":"nl-NL"},{"@type":"WebPage","@id":"https:\/\/www.coyotesystems.be\/nl\/blog\/de-coyote-community\/het-1ste-salon-van-lart-de-vivre-franco-belge-of-het-salon-van-de-frans-belgische-levensstijl-in-tour-taxis-op-25-26-27-november-2016\/","url":"https:\/\/www.coyotesystems.be\/nl\/blog\/de-coyote-community\/het-1ste-salon-van-lart-de-vivre-franco-belge-of-het-salon-van-de-frans-belgische-levensstijl-in-tour-taxis-op-25-26-27-november-2016\/","name":"Het 1ste Salon van \u00ab l\u2019Art de vivre Franco-Belge \u00bb of het salon van de Frans-Belgische levensstijl in Tour &amp; Taxis op 25, 26, 27 november 2016 - De Blog Coyote","isPartOf":{"@id":"https:\/\/www.coyotesystems.be\/nl\/blog\/#website"},"primaryImageOfPage":{"@id":"https:\/\/www.coyotesystems.be\/nl\/blog\/de-coyote-community\/het-1ste-salon-van-lart-de-vivre-franco-belge-of-het-salon-van-de-frans-belgische-levensstijl-in-tour-taxis-op-25-26-27-november-2016\/#primaryimage"},"image":{"@id":"https:\/\/www.coyotesystems.be\/nl\/blog\/de-coyote-community\/het-1ste-salon-van-lart-de-vivre-franco-belge-of-het-salon-van-de-frans-belgische-levensstijl-in-tour-taxis-op-25-26-27-november-2016\/#primaryimage"},"thumbnailUrl":"https:\/\/medias.coyotesystems.com\/wordpress\/sites\/4\/2016\/11\/Salon-JV_A4_Vierge_BD-004.jpg","datePublished":"2016-11-15T11:40:21+00:00","breadcrumb":{"@id":"https:\/\/www.coyotesystems.be\/nl\/blog\/de-coyote-community\/het-1ste-salon-van-lart-de-vivre-franco-belge-of-het-salon-van-de-frans-belgische-levensstijl-in-tour-taxis-op-25-26-27-november-2016\/#breadcrumb"},"inLanguage":"nl-NL","potentialAction":[{"@type":"ReadAction","target":["https:\/\/www.coyotesystems.be\/nl\/blog\/de-coyote-community\/het-1ste-salon-van-lart-de-vivre-franco-belge-of-het-salon-van-de-frans-belgische-levensstijl-in-tour-taxis-op-25-26-27-november-2016\/"]}]},{"@type":"ImageObject","inLanguage":"nl-NL","@id":"https:\/\/www.coyotesystems.be\/nl\/blog\/de-coyote-community\/het-1ste-salon-van-lart-de-vivre-franco-belge-of-het-salon-van-de-frans-belgische-levensstijl-in-tour-taxis-op-25-26-27-november-2016\/#primaryimage","url":"https:\/\/medias.coyotesystems.com\/wordpress\/sites\/4\/2016\/11\/Salon-JV_A4_Vierge_BD-004.jpg","contentUrl":"https:\/\/medias.coyotesystems.com\/wordpress\/sites\/4\/2016\/11\/Salon-JV_A4_Vierge_BD-004.jpg","width":600,"height":854},{"@type":"BreadcrumbList","@id":"https:\/\/www.coyotesystems.be\/nl\/blog\/de-coyote-community\/het-1ste-salon-van-lart-de-vivre-franco-belge-of-het-salon-van-de-frans-belgische-levensstijl-in-tour-taxis-op-25-26-27-november-2016\/#breadcrumb","itemListElement":[{"@type":"ListItem","position":1,"name":"Home","item":"https:\/\/www.coyotesystems.be\/nl\/blog\/"},{"@type":"ListItem","position":2,"name":"Innovatie","item":"https:\/\/www.coyotesystems.be\/nl\/blog\/innovatie\/"},{"@type":"ListItem","position":3,"name":"Het 1ste Salon van \u00ab l\u2019Art de vivre Franco-Belge \u00bb of het salon van de Frans-Belgische levensstijl in Tour &amp; Taxis op 25, 26, 27 november 2016"}]},{"@type":"WebSite","@id":"https:\/\/www.coyotesystems.be\/nl\/blog\/#website","url":"https:\/\/www.coyotesystems.be\/nl\/blog\/","name":"De Blog Coyote","description":"","publisher":{"@id":"https:\/\/www.coyotesystems.be\/nl\/blog\/#organization"},"potentialAction":[{"@type":"SearchAction","target":{"@type":"EntryPoint","urlTemplate":"https:\/\/www.coyotesystems.be\/nl\/blog\/?s={search_term_string}"},"query-input":{"@type":"PropertyValueSpecification","valueRequired":true,"valueName":"search_term_string"}}],"inLanguage":"nl-NL"},{"@type":"Organization","@id":"https:\/\/www.coyotesystems.be\/nl\/blog\/#organization","name":"Coyote","url":"https:\/\/www.coyotesystems.be\/nl\/blog\/","logo":{"@type":"ImageObject","inLanguage":"nl-NL","@id":"https:\/\/www.coyotesystems.be\/nl\/blog\/#\/schema\/logo\/image\/","url":"https:\/\/medias.coyotesystems.com\/wordpress\/sites\/4\/2024\/02\/Logo-Coyote-1.png","contentUrl":"https:\/\/medias.coyotesystems.com\/wordpress\/sites\/4\/2024\/02\/Logo-Coyote-1.png","width":842,"height":263,"caption":"Coyote"},"image":{"@id":"https:\/\/www.coyotesystems.be\/nl\/blog\/#\/schema\/logo\/image\/"},"sameAs":["http:\/\/www.facebook.com\/CoyoteSystemsBenelux","https:\/\/www.instagram.com\/coyote_systems_benelux\/","https:\/\/www.linkedin.com\/company\/coyotesystem\/"]},{"@type":"Person","@id":"https:\/\/www.coyotesystems.be\/nl\/blog\/#\/schema\/person\/e1f59869357e259a679ada775932041b","name":"Vanessa BLESIN","image":{"@type":"ImageObject","inLanguage":"nl-NL","@id":"https:\/\/www.coyotesystems.be\/nl\/blog\/#\/schema\/person\/image\/","url":"https:\/\/secure.gravatar.com\/avatar\/437144de33d3089886aa7253a4950d4a94042152f665f53addf4ef5e935c3f27?s=96&d=mm&r=g","contentUrl":"https:\/\/secure.gravatar.com\/avatar\/437144de33d3089886aa7253a4950d4a94042152f665f53addf4ef5e935c3f27?s=96&d=mm&r=g","caption":"Vanessa BLESIN"}}]}},"_links":{"self":[{"href":"https:\/\/www.coyotesystems.be\/nl\/blog\/wp-json\/wp\/v2\/posts\/230","targetHints":{"allow":["GET"]}}],"collection":[{"href":"https:\/\/www.coyotesystems.be\/nl\/blog\/wp-json\/wp\/v2\/posts"}],"about":[{"href":"https:\/\/www.coyotesystems.be\/nl\/blog\/wp-json\/wp\/v2\/types\/post"}],"author":[{"embeddable":true,"href":"https:\/\/www.coyotesystems.be\/nl\/blog\/wp-json\/wp\/v2\/users\/148"}],"replies":[{"embeddable":true,"href":"https:\/\/www.coyotesystems.be\/nl\/blog\/wp-json\/wp\/v2\/comments?post=230"}],"version-history":[{"count":0,"href":"https:\/\/www.coyotesystems.be\/nl\/blog\/wp-json\/wp\/v2\/posts\/230\/revisions"}],"wp:featuredmedia":[{"embeddable":true,"href":"https:\/\/www.coyotesystems.be\/nl\/blog\/wp-json\/wp\/v2\/media\/231"}],"wp:attachment":[{"href":"https:\/\/www.coyotesystems.be\/nl\/blog\/wp-json\/wp\/v2\/media?parent=230"}],"wp:term":[{"taxonomy":"category","embeddable":true,"href":"https:\/\/www.coyotesystems.be\/nl\/blog\/wp-json\/wp\/v2\/categories?post=230"},{"taxonomy":"post_tag","embeddable":true,"href":"https:\/\/www.coyotesystems.be\/nl\/blog\/wp-json\/wp\/v2\/tags?post=230"}],"curies":[{"name":"wp","href":"https:\/\/api.w.org\/{rel}","templated":true}]}}