{"id":1239,"date":"2023-03-06T15:48:54","date_gmt":"2023-03-06T14:48:54","guid":{"rendered":"https:\/\/www.coyotesystems.be\/nl\/blog\/?p=1239"},"modified":"2023-03-06T15:48:54","modified_gmt":"2023-03-06T14:48:54","slug":"installatie-van-nieuwe-radarsecties-in-wallonie","status":"publish","type":"post","link":"https:\/\/www.coyotesystems.be\/nl\/blog\/verkeersveiligheid\/installatie-van-nieuwe-radarsecties-in-wallonie\/","title":{"rendered":"Installatie van nieuwe radarsecties in Walloni\u00eb"},"content":{"rendered":"\n<p>\n\n\n\n\n\n\n\n\n\n\n\n\n\n\n\n\nTegen\neind 2023 zal Walloni\u00eb een dertigtal nieuwe sectieradars verwelkomen. Bevestigd\ndoor het kabinet van Val\u00e9rie De Bue, de Waalse minister bevoegd voor\nVerkeersveiligheid, volgen deze installaties op het Radarsplan. Een terugblik\nop de werking en implementatie van deze nieuwe apparaten.\n\n\n\n<\/p>\n\n\n\n<h2 class=\"wp-block-heading\"><strong>33 nieuwe sectieradars gepland op Waalse wegen in 2023<\/strong><\/h2>\n\n\n\n<p>Het is nu\nofficieel. De wegen van Walloni\u00eb zullen binnenkort nieuwe sectieradars\nverwelkomen. Tegen eind 2023 zullen in Walloni\u00eb 33 snelheidscamera&#8217;s worden\nge\u00efnstalleerd om het wegverkeer te controleren en snelheidsovertredingen te\nbestraffen.<\/p>\n\n\n\n<p>Deze\nwegapparatuur vormt een aanvulling op de 29 andere sectieradars die al in Walloni\u00eb\naanwezig zijn en voornamelijk op de autosnelwegen van de regio zijn\nge\u00efnstalleerd. Na deze operatie zullen de Waalse wegen in totaal 62\nsectieradars hebben.<\/p>\n\n\n\n<p><strong>Welke wegen in Walloni\u00eb worden be\u00efnvloed door deze nieuwe\nsnelheidscamera&#8217;s?<\/strong><\/p>\n\n\n\n<p>Tot nu toe werden de in Walloni\u00eb aanwezige sectieradars\nniet echt door het gewest beheerd: deze apparaten, die zich voornamelijk op de\nautosnelwegen bevinden, staan \u200b\u200bonder controle van de Federale Politie. De deal\nverandert met deze 33 nieuwe radars, aangezien ze op de &#8220;nationale&#8221;\nwegen van het grondgebied zullen worden ge\u00efnstalleerd. Deze locatie plaatst hen\ndirect onder de verantwoordelijkheid van de regio voor wat betreft hun\ninstallatie en goedkeuring.<\/p>\n\n\n\n<p>Maar wees gerust, u hoeft zich nergens zorgen over te maken! Met Coyote kunt u met een gerust hart op de weg blijven rijden: met onze <a rel=\"noreferrer noopener\" aria-label=\"rijhulpapplicatie (opens in a new tab)\" href=\"https:\/\/www.coyotesystems.be\/nl\/product\/603\/app-coyote.html\" target=\"_blank\">rijhulpapplicatie<\/a> en onze <a href=\"https:\/\/www.coyotesystems.be\/nl\/product\/488\/COYOTE-UP.html\" target=\"_blank\" rel=\"noreferrer noopener\" aria-label=\"Coyote UP-toestel (opens in a new tab)\">Coyote UP-toestel<\/a> kunt u in realtime worden gewaarschuwd voor de aanwezigheid van flitspalen en gevaren op uw route. . De Coyote-gemeenschap is 5 miljoen sterk.<\/p>\n\n\n\n<h2 class=\"wp-block-heading\"><strong>Hoe werken sectieflitsers?<\/strong><\/h2>\n\n\n\n<p><strong>Werkingsprincipe van een sectieradar<\/strong><\/p>\n\n\n\n<p><strong>De sectieradars\nzijn uitgerust met videocamera&#8217;s en hebben twee bedieningsterminals:<\/strong><\/p>\n\n\n\n<p><strong>\u2022 een\nverkeerspaal bevindt zich aan de ingang van het weggedeelte waarop de installatie\nbetrekking heeft;<\/strong><\/p>\n\n\n\n<p><strong>\u2022 er wordt een andere terminal geplaatst aan de uitgang van het vak.<\/strong><\/p>\n\n\n\n<p>De eerste\nterminal is verantwoordelijk voor het verzamelen van verschillende gegevens\nover de voertuigen die op het traject circuleren. Het registreert met name de\nkentekenplaat van het voertuig, evenals de datum en tijd van de passage. De tweede\nterminal van zijn kant verzamelt dezelfde gegevens wanneer het voertuig het\ntraject verlaat.<\/p>\n\n\n\n<p>De\nsysteemcomputer kan vervolgens de verzamelde gegevens relateren om de gemiddelde\nsnelheid van de gebruiker op het weggedeelte te berekenen. Als deze snelheid\nhoger is dan de opgelegde snelheidslimiet, krijgt de bestuurder een boete.<\/p>\n\n\n\n<p><strong>Flitsers met hoge\naanschaf- en onderhoudskosten<\/strong><\/p>\n\n\n\n<p>Ondanks de\ninstallatie van 33 nieuwe toestellen worden sectieflitsers in Walloni\u00eb nog\nrelatief weinig gebruikt in vergelijking met andere categorie\u00ebn flitsers. Ter\nvergelijking: de regio telt momenteel 510 vaste flitsers en zal er dit jaar nog\neen honderdtal verwelkomen. Onder de factoren die hun vooruitgang kunnen afremmen, vinden we in de\neerste plaats bijzonder hoge financieringskosten en onderhoudskosten.<\/p>\n\n\n\n<p>Wat de\ndoeltreffendheid van de apparaten betreft, suggereert de installatie van nieuwe\nsnelheidscamera&#8217;s dat de autoriteiten er redelijk tevreden over zijn &#8211; en dit\nondanks de bedenkingen die andere andere Europese landen hebben geuit over de\nresultaten van sectiesnelheidscamera&#8217;s op de verkeersveiligheid.<\/p>\n","protected":false},"excerpt":{"rendered":"<p>Tegen eind 2023 zal Walloni\u00eb een dertigtal nieuwe sectieradars verwelkomen. Bevestigd door het kabinet van Val\u00e9rie De Bue, de Waalse [&hellip;]<\/p>\n","protected":false},"author":142,"featured_media":1247,"comment_status":"closed","ping_status":"closed","sticky":false,"template":"","format":"standard","meta":{"_acf_changed":false,"footnotes":""},"categories":[12],"tags":[],"class_list":["post-1239","post","type-post","status-publish","format-standard","has-post-thumbnail","hentry","category-verkeersveiligheid"],"acf":[],"yoast_head":"<!-- This site is optimized with the Yoast SEO plugin v25.9 - https:\/\/yoast.com\/wordpress\/plugins\/seo\/ -->\n<title>Installatie van nieuwe radarsecties in Walloni\u00eb - De Blog Coyote<\/title>\n<meta name=\"robots\" content=\"index, follow, max-snippet:-1, max-image-preview:large, max-video-preview:-1\" \/>\n<link rel=\"canonical\" href=\"https:\/\/www.coyotesystems.be\/nl\/blog\/verkeersveiligheid\/installatie-van-nieuwe-radarsecties-in-wallonie\/\" \/>\n<meta property=\"og:locale\" content=\"nl_NL\" \/>\n<meta property=\"og:type\" content=\"article\" \/>\n<meta property=\"og:title\" content=\"Installatie van nieuwe radarsecties in Walloni\u00eb - De Blog Coyote\" \/>\n<meta property=\"og:description\" content=\"Tegen eind 2023 zal Walloni\u00eb een dertigtal nieuwe sectieradars verwelkomen. Bevestigd door het kabinet van Val\u00e9rie De Bue, de Waalse [&hellip;]\" \/>\n<meta property=\"og:url\" content=\"https:\/\/www.coyotesystems.be\/nl\/blog\/verkeersveiligheid\/installatie-van-nieuwe-radarsecties-in-wallonie\/\" \/>\n<meta property=\"og:site_name\" content=\"De Blog Coyote\" \/>\n<meta property=\"article:publisher\" content=\"http:\/\/www.facebook.com\/CoyoteSystemsBenelux\" \/>\n<meta property=\"article:published_time\" content=\"2023-03-06T14:48:54+00:00\" \/>\n<meta property=\"og:image\" content=\"https:\/\/medias.coyotesystems.com\/wordpress\/sites\/4\/2023\/03\/AdobeStock_373485905-2.jpg\" \/>\n\t<meta property=\"og:image:width\" content=\"1920\" \/>\n\t<meta property=\"og:image:height\" content=\"1080\" \/>\n\t<meta property=\"og:image:type\" content=\"image\/jpeg\" \/>\n<meta name=\"author\" content=\"Th\u00e9o Lecru\" \/>\n<meta name=\"twitter:card\" content=\"summary_large_image\" \/>\n<meta name=\"twitter:label1\" content=\"Written by\" \/>\n\t<meta name=\"twitter:data1\" content=\"Th\u00e9o Lecru\" \/>\n\t<meta name=\"twitter:label2\" content=\"Est. reading time\" \/>\n\t<meta name=\"twitter:data2\" content=\"2 minuten\" \/>\n<script type=\"application\/ld+json\" class=\"yoast-schema-graph\">{\"@context\":\"https:\/\/schema.org\",\"@graph\":[{\"@type\":\"Article\",\"@id\":\"https:\/\/www.coyotesystems.be\/nl\/blog\/verkeersveiligheid\/installatie-van-nieuwe-radarsecties-in-wallonie\/#article\",\"isPartOf\":{\"@id\":\"https:\/\/www.coyotesystems.be\/nl\/blog\/verkeersveiligheid\/installatie-van-nieuwe-radarsecties-in-wallonie\/\"},\"author\":{\"name\":\"Th\u00e9o Lecru\",\"@id\":\"https:\/\/www.coyotesystems.be\/nl\/blog\/#\/schema\/person\/dd0e26991e08e4a94ad1280e7f6fcf72\"},\"headline\":\"Installatie van nieuwe radarsecties in Walloni\u00eb\",\"datePublished\":\"2023-03-06T14:48:54+00:00\",\"mainEntityOfPage\":{\"@id\":\"https:\/\/www.coyotesystems.be\/nl\/blog\/verkeersveiligheid\/installatie-van-nieuwe-radarsecties-in-wallonie\/\"},\"wordCount\":493,\"publisher\":{\"@id\":\"https:\/\/www.coyotesystems.be\/nl\/blog\/#organization\"},\"image\":{\"@id\":\"https:\/\/www.coyotesystems.be\/nl\/blog\/verkeersveiligheid\/installatie-van-nieuwe-radarsecties-in-wallonie\/#primaryimage\"},\"thumbnailUrl\":\"https:\/\/medias.coyotesystems.com\/wordpress\/sites\/4\/2023\/03\/AdobeStock_373485905-2.jpg\",\"articleSection\":[\"Verkeersveiligheid\"],\"inLanguage\":\"nl-NL\"},{\"@type\":\"WebPage\",\"@id\":\"https:\/\/www.coyotesystems.be\/nl\/blog\/verkeersveiligheid\/installatie-van-nieuwe-radarsecties-in-wallonie\/\",\"url\":\"https:\/\/www.coyotesystems.be\/nl\/blog\/verkeersveiligheid\/installatie-van-nieuwe-radarsecties-in-wallonie\/\",\"name\":\"Installatie van nieuwe radarsecties in Walloni\u00eb - De Blog Coyote\",\"isPartOf\":{\"@id\":\"https:\/\/www.coyotesystems.be\/nl\/blog\/#website\"},\"primaryImageOfPage\":{\"@id\":\"https:\/\/www.coyotesystems.be\/nl\/blog\/verkeersveiligheid\/installatie-van-nieuwe-radarsecties-in-wallonie\/#primaryimage\"},\"image\":{\"@id\":\"https:\/\/www.coyotesystems.be\/nl\/blog\/verkeersveiligheid\/installatie-van-nieuwe-radarsecties-in-wallonie\/#primaryimage\"},\"thumbnailUrl\":\"https:\/\/medias.coyotesystems.com\/wordpress\/sites\/4\/2023\/03\/AdobeStock_373485905-2.jpg\",\"datePublished\":\"2023-03-06T14:48:54+00:00\",\"breadcrumb\":{\"@id\":\"https:\/\/www.coyotesystems.be\/nl\/blog\/verkeersveiligheid\/installatie-van-nieuwe-radarsecties-in-wallonie\/#breadcrumb\"},\"inLanguage\":\"nl-NL\",\"potentialAction\":[{\"@type\":\"ReadAction\",\"target\":[\"https:\/\/www.coyotesystems.be\/nl\/blog\/verkeersveiligheid\/installatie-van-nieuwe-radarsecties-in-wallonie\/\"]}]},{\"@type\":\"ImageObject\",\"inLanguage\":\"nl-NL\",\"@id\":\"https:\/\/www.coyotesystems.be\/nl\/blog\/verkeersveiligheid\/installatie-van-nieuwe-radarsecties-in-wallonie\/#primaryimage\",\"url\":\"https:\/\/medias.coyotesystems.com\/wordpress\/sites\/4\/2023\/03\/AdobeStock_373485905-2.jpg\",\"contentUrl\":\"https:\/\/medias.coyotesystems.com\/wordpress\/sites\/4\/2023\/03\/AdobeStock_373485905-2.jpg\",\"width\":1920,\"height\":1080},{\"@type\":\"BreadcrumbList\",\"@id\":\"https:\/\/www.coyotesystems.be\/nl\/blog\/verkeersveiligheid\/installatie-van-nieuwe-radarsecties-in-wallonie\/#breadcrumb\",\"itemListElement\":[{\"@type\":\"ListItem\",\"position\":1,\"name\":\"Home\",\"item\":\"https:\/\/www.coyotesystems.be\/nl\/blog\/\"},{\"@type\":\"ListItem\",\"position\":2,\"name\":\"Verkeersveiligheid\",\"item\":\"https:\/\/www.coyotesystems.be\/nl\/blog\/verkeersveiligheid\/\"},{\"@type\":\"ListItem\",\"position\":3,\"name\":\"Installatie van nieuwe radarsecties in Walloni\u00eb\"}]},{\"@type\":\"WebSite\",\"@id\":\"https:\/\/www.coyotesystems.be\/nl\/blog\/#website\",\"url\":\"https:\/\/www.coyotesystems.be\/nl\/blog\/\",\"name\":\"De Blog Coyote\",\"description\":\"\",\"publisher\":{\"@id\":\"https:\/\/www.coyotesystems.be\/nl\/blog\/#organization\"},\"potentialAction\":[{\"@type\":\"SearchAction\",\"target\":{\"@type\":\"EntryPoint\",\"urlTemplate\":\"https:\/\/www.coyotesystems.be\/nl\/blog\/?s={search_term_string}\"},\"query-input\":{\"@type\":\"PropertyValueSpecification\",\"valueRequired\":true,\"valueName\":\"search_term_string\"}}],\"inLanguage\":\"nl-NL\"},{\"@type\":\"Organization\",\"@id\":\"https:\/\/www.coyotesystems.be\/nl\/blog\/#organization\",\"name\":\"Coyote\",\"url\":\"https:\/\/www.coyotesystems.be\/nl\/blog\/\",\"logo\":{\"@type\":\"ImageObject\",\"inLanguage\":\"nl-NL\",\"@id\":\"https:\/\/www.coyotesystems.be\/nl\/blog\/#\/schema\/logo\/image\/\",\"url\":\"https:\/\/medias.coyotesystems.com\/wordpress\/sites\/4\/2024\/02\/Logo-Coyote-1.png\",\"contentUrl\":\"https:\/\/medias.coyotesystems.com\/wordpress\/sites\/4\/2024\/02\/Logo-Coyote-1.png\",\"width\":842,\"height\":263,\"caption\":\"Coyote\"},\"image\":{\"@id\":\"https:\/\/www.coyotesystems.be\/nl\/blog\/#\/schema\/logo\/image\/\"},\"sameAs\":[\"http:\/\/www.facebook.com\/CoyoteSystemsBenelux\",\"https:\/\/www.instagram.com\/coyote_systems_benelux\/\",\"https:\/\/www.linkedin.com\/company\/coyotesystem\/\"]},{\"@type\":\"Person\",\"@id\":\"https:\/\/www.coyotesystems.be\/nl\/blog\/#\/schema\/person\/dd0e26991e08e4a94ad1280e7f6fcf72\",\"name\":\"Th\u00e9o Lecru\",\"image\":{\"@type\":\"ImageObject\",\"inLanguage\":\"nl-NL\",\"@id\":\"https:\/\/www.coyotesystems.be\/nl\/blog\/#\/schema\/person\/image\/\",\"url\":\"https:\/\/secure.gravatar.com\/avatar\/6d5db1631fa59d59ef8e6b8993b8b21bd75faa112e400e0cb5d5c21a0bd6b92c?s=96&d=mm&r=g\",\"contentUrl\":\"https:\/\/secure.gravatar.com\/avatar\/6d5db1631fa59d59ef8e6b8993b8b21bd75faa112e400e0cb5d5c21a0bd6b92c?s=96&d=mm&r=g\",\"caption\":\"Th\u00e9o Lecru\"}}]}<\/script>\n<!-- \/ Yoast SEO plugin. -->","yoast_head_json":{"title":"Installatie van nieuwe radarsecties in Walloni\u00eb - De Blog Coyote","robots":{"index":"index","follow":"follow","max-snippet":"max-snippet:-1","max-image-preview":"max-image-preview:large","max-video-preview":"max-video-preview:-1"},"canonical":"https:\/\/www.coyotesystems.be\/nl\/blog\/verkeersveiligheid\/installatie-van-nieuwe-radarsecties-in-wallonie\/","og_locale":"nl_NL","og_type":"article","og_title":"Installatie van nieuwe radarsecties in Walloni\u00eb - De Blog Coyote","og_description":"Tegen eind 2023 zal Walloni\u00eb een dertigtal nieuwe sectieradars verwelkomen. Bevestigd door het kabinet van Val\u00e9rie De Bue, de Waalse [&hellip;]","og_url":"https:\/\/www.coyotesystems.be\/nl\/blog\/verkeersveiligheid\/installatie-van-nieuwe-radarsecties-in-wallonie\/","og_site_name":"De Blog Coyote","article_publisher":"http:\/\/www.facebook.com\/CoyoteSystemsBenelux","article_published_time":"2023-03-06T14:48:54+00:00","og_image":[{"width":1920,"height":1080,"url":"https:\/\/medias.coyotesystems.com\/wordpress\/sites\/4\/2023\/03\/AdobeStock_373485905-2.jpg","type":"image\/jpeg"}],"author":"Th\u00e9o Lecru","twitter_card":"summary_large_image","twitter_misc":{"Written by":"Th\u00e9o Lecru","Est. reading time":"2 minuten"},"schema":{"@context":"https:\/\/schema.org","@graph":[{"@type":"Article","@id":"https:\/\/www.coyotesystems.be\/nl\/blog\/verkeersveiligheid\/installatie-van-nieuwe-radarsecties-in-wallonie\/#article","isPartOf":{"@id":"https:\/\/www.coyotesystems.be\/nl\/blog\/verkeersveiligheid\/installatie-van-nieuwe-radarsecties-in-wallonie\/"},"author":{"name":"Th\u00e9o Lecru","@id":"https:\/\/www.coyotesystems.be\/nl\/blog\/#\/schema\/person\/dd0e26991e08e4a94ad1280e7f6fcf72"},"headline":"Installatie van nieuwe radarsecties in Walloni\u00eb","datePublished":"2023-03-06T14:48:54+00:00","mainEntityOfPage":{"@id":"https:\/\/www.coyotesystems.be\/nl\/blog\/verkeersveiligheid\/installatie-van-nieuwe-radarsecties-in-wallonie\/"},"wordCount":493,"publisher":{"@id":"https:\/\/www.coyotesystems.be\/nl\/blog\/#organization"},"image":{"@id":"https:\/\/www.coyotesystems.be\/nl\/blog\/verkeersveiligheid\/installatie-van-nieuwe-radarsecties-in-wallonie\/#primaryimage"},"thumbnailUrl":"https:\/\/medias.coyotesystems.com\/wordpress\/sites\/4\/2023\/03\/AdobeStock_373485905-2.jpg","articleSection":["Verkeersveiligheid"],"inLanguage":"nl-NL"},{"@type":"WebPage","@id":"https:\/\/www.coyotesystems.be\/nl\/blog\/verkeersveiligheid\/installatie-van-nieuwe-radarsecties-in-wallonie\/","url":"https:\/\/www.coyotesystems.be\/nl\/blog\/verkeersveiligheid\/installatie-van-nieuwe-radarsecties-in-wallonie\/","name":"Installatie van nieuwe radarsecties in Walloni\u00eb - De Blog Coyote","isPartOf":{"@id":"https:\/\/www.coyotesystems.be\/nl\/blog\/#website"},"primaryImageOfPage":{"@id":"https:\/\/www.coyotesystems.be\/nl\/blog\/verkeersveiligheid\/installatie-van-nieuwe-radarsecties-in-wallonie\/#primaryimage"},"image":{"@id":"https:\/\/www.coyotesystems.be\/nl\/blog\/verkeersveiligheid\/installatie-van-nieuwe-radarsecties-in-wallonie\/#primaryimage"},"thumbnailUrl":"https:\/\/medias.coyotesystems.com\/wordpress\/sites\/4\/2023\/03\/AdobeStock_373485905-2.jpg","datePublished":"2023-03-06T14:48:54+00:00","breadcrumb":{"@id":"https:\/\/www.coyotesystems.be\/nl\/blog\/verkeersveiligheid\/installatie-van-nieuwe-radarsecties-in-wallonie\/#breadcrumb"},"inLanguage":"nl-NL","potentialAction":[{"@type":"ReadAction","target":["https:\/\/www.coyotesystems.be\/nl\/blog\/verkeersveiligheid\/installatie-van-nieuwe-radarsecties-in-wallonie\/"]}]},{"@type":"ImageObject","inLanguage":"nl-NL","@id":"https:\/\/www.coyotesystems.be\/nl\/blog\/verkeersveiligheid\/installatie-van-nieuwe-radarsecties-in-wallonie\/#primaryimage","url":"https:\/\/medias.coyotesystems.com\/wordpress\/sites\/4\/2023\/03\/AdobeStock_373485905-2.jpg","contentUrl":"https:\/\/medias.coyotesystems.com\/wordpress\/sites\/4\/2023\/03\/AdobeStock_373485905-2.jpg","width":1920,"height":1080},{"@type":"BreadcrumbList","@id":"https:\/\/www.coyotesystems.be\/nl\/blog\/verkeersveiligheid\/installatie-van-nieuwe-radarsecties-in-wallonie\/#breadcrumb","itemListElement":[{"@type":"ListItem","position":1,"name":"Home","item":"https:\/\/www.coyotesystems.be\/nl\/blog\/"},{"@type":"ListItem","position":2,"name":"Verkeersveiligheid","item":"https:\/\/www.coyotesystems.be\/nl\/blog\/verkeersveiligheid\/"},{"@type":"ListItem","position":3,"name":"Installatie van nieuwe radarsecties in Walloni\u00eb"}]},{"@type":"WebSite","@id":"https:\/\/www.coyotesystems.be\/nl\/blog\/#website","url":"https:\/\/www.coyotesystems.be\/nl\/blog\/","name":"De Blog Coyote","description":"","publisher":{"@id":"https:\/\/www.coyotesystems.be\/nl\/blog\/#organization"},"potentialAction":[{"@type":"SearchAction","target":{"@type":"EntryPoint","urlTemplate":"https:\/\/www.coyotesystems.be\/nl\/blog\/?s={search_term_string}"},"query-input":{"@type":"PropertyValueSpecification","valueRequired":true,"valueName":"search_term_string"}}],"inLanguage":"nl-NL"},{"@type":"Organization","@id":"https:\/\/www.coyotesystems.be\/nl\/blog\/#organization","name":"Coyote","url":"https:\/\/www.coyotesystems.be\/nl\/blog\/","logo":{"@type":"ImageObject","inLanguage":"nl-NL","@id":"https:\/\/www.coyotesystems.be\/nl\/blog\/#\/schema\/logo\/image\/","url":"https:\/\/medias.coyotesystems.com\/wordpress\/sites\/4\/2024\/02\/Logo-Coyote-1.png","contentUrl":"https:\/\/medias.coyotesystems.com\/wordpress\/sites\/4\/2024\/02\/Logo-Coyote-1.png","width":842,"height":263,"caption":"Coyote"},"image":{"@id":"https:\/\/www.coyotesystems.be\/nl\/blog\/#\/schema\/logo\/image\/"},"sameAs":["http:\/\/www.facebook.com\/CoyoteSystemsBenelux","https:\/\/www.instagram.com\/coyote_systems_benelux\/","https:\/\/www.linkedin.com\/company\/coyotesystem\/"]},{"@type":"Person","@id":"https:\/\/www.coyotesystems.be\/nl\/blog\/#\/schema\/person\/dd0e26991e08e4a94ad1280e7f6fcf72","name":"Th\u00e9o Lecru","image":{"@type":"ImageObject","inLanguage":"nl-NL","@id":"https:\/\/www.coyotesystems.be\/nl\/blog\/#\/schema\/person\/image\/","url":"https:\/\/secure.gravatar.com\/avatar\/6d5db1631fa59d59ef8e6b8993b8b21bd75faa112e400e0cb5d5c21a0bd6b92c?s=96&d=mm&r=g","contentUrl":"https:\/\/secure.gravatar.com\/avatar\/6d5db1631fa59d59ef8e6b8993b8b21bd75faa112e400e0cb5d5c21a0bd6b92c?s=96&d=mm&r=g","caption":"Th\u00e9o Lecru"}}]}},"_links":{"self":[{"href":"https:\/\/www.coyotesystems.be\/nl\/blog\/wp-json\/wp\/v2\/posts\/1239","targetHints":{"allow":["GET"]}}],"collection":[{"href":"https:\/\/www.coyotesystems.be\/nl\/blog\/wp-json\/wp\/v2\/posts"}],"about":[{"href":"https:\/\/www.coyotesystems.be\/nl\/blog\/wp-json\/wp\/v2\/types\/post"}],"author":[{"embeddable":true,"href":"https:\/\/www.coyotesystems.be\/nl\/blog\/wp-json\/wp\/v2\/users\/142"}],"replies":[{"embeddable":true,"href":"https:\/\/www.coyotesystems.be\/nl\/blog\/wp-json\/wp\/v2\/comments?post=1239"}],"version-history":[{"count":0,"href":"https:\/\/www.coyotesystems.be\/nl\/blog\/wp-json\/wp\/v2\/posts\/1239\/revisions"}],"wp:featuredmedia":[{"embeddable":true,"href":"https:\/\/www.coyotesystems.be\/nl\/blog\/wp-json\/wp\/v2\/media\/1247"}],"wp:attachment":[{"href":"https:\/\/www.coyotesystems.be\/nl\/blog\/wp-json\/wp\/v2\/media?parent=1239"}],"wp:term":[{"taxonomy":"category","embeddable":true,"href":"https:\/\/www.coyotesystems.be\/nl\/blog\/wp-json\/wp\/v2\/categories?post=1239"},{"taxonomy":"post_tag","embeddable":true,"href":"https:\/\/www.coyotesystems.be\/nl\/blog\/wp-json\/wp\/v2\/tags?post=1239"}],"curies":[{"name":"wp","href":"https:\/\/api.w.org\/{rel}","templated":true}]}}